{"id":5126,"date":"2022-07-09T09:53:10","date_gmt":"2022-07-09T09:53:10","guid":{"rendered":"https:\/\/sek-landsberg.de\/?p=5126"},"modified":"2022-07-12T16:34:31","modified_gmt":"2022-07-12T16:34:31","slug":"festveranstaltung-30-1-unser-schulzentrum-hat-geburtstag","status":"publish","type":"post","link":"https:\/\/sek-landsberg.de\/?p=5126","title":{"rendered":"Festveranstaltung \u201e30 + 1 &#8211; Unser Schulzentrum hat Geburtstag\u201c"},"content":{"rendered":"<p>Unterhalb der Doppelkapelle, dem Wahrzeichen unserer Schule, fand auf der Felsenb\u00fchne der H\u00f6hepunkt der Festwoche: \u201eWir feiern 30+1 &#8211; Unser Schulzentrum hat Geburtstag\u201c statt. Die Felsenb\u00fchne war mit ca. 1600 Sch\u00fclerinnen und Sch\u00fclern, Lehrerinnen und Lehrern und vielen G\u00e4sten gut gef\u00fcllt.<br \/>\nIm Rahmen eines festlichen Programms, das durch die F\u00f6rderschule, die Grundschule, die Sekundarschule und das Gymnasium gestaltet wurde, wurde die Gr\u00fcndung des Schulzentrums gefeiert. Diese Konstellation ist im l\u00e4ndlichen Raum von Sachsen-Anhalt so gut wie einzigartig. Die Schulen arbeiten sehr eng zusammen. So haben die Sekundarschule und das Gymnasium ein gemeinsames Ganztagsangebot und wo immer m\u00f6glich, wird auch die F\u00f6rderschule mit eingebunden.<br \/>\nDas Programm war sehr abwechslungsreich. Es wurde gesungen, getanzt, Gedichte vorgetragen und Theaterst\u00fccke aufgef\u00fchrt. Besonders hervorzuheben ist, dass alle vier Schulen einen gemeinsamen Schulsong aufgenommen haben, f\u00fcr den jede Schule eine Strophe beigesteuert hat.<br \/>\nIn den letzten Jahren haben sich zudem das Gymnasium, die F\u00f6rderschule und die Sekundarschule auf den Weg gemacht, um dem Netzwerk \u201eSchule ohne Rassismus &#8211; Schule mit Courage\u201c beizutreten. Dieses Netzwerk aus vielen Schulen, setzt sich aktiv gegen Rassismus und Diskriminierung ein. Auch diese drei Schulen wollen aktiv gegen Diskriminierung vorgehen, so dass sich jedes Mitglied der Schule in der Schulgemeinschaft wohlf\u00fchlen kann. Cornelia Habisch, die Landeskoordinatorin des Netzwerks, nahm die Schulen in das Netzwerk auf und hob das Alleinstellungsmerkmal hervor, dass sich drei Schulen gemeinsam auf den Weg gemacht haben, Diskriminierung und Rassismus entgegenzuwirken.<br \/>\nEs war ein gelungener H\u00f6hepunkt der Festwoche. Allen Akteurinnen und Akteuren, die am Festprogramm mitwirkten, ein gro\u00dfes Dankesch\u00f6n, dass sie mit viel Einsatzfreude und Engagement, dieses Programm auf die Beine gestellt haben.<\/p>\nngg_shortcode_0_placeholder\n","protected":false},"excerpt":{"rendered":"<p>Unterhalb der Doppelkapelle, dem Wahrzeichen unserer Schule, fand auf der Felsenb\u00fchne der H\u00f6hepunkt der Festwoche: \u201eWir feiern 30+1 &#8211; Unser Schulzentrum hat Geburtstag\u201c statt. Die Felsenb\u00fchne war mit ca. 1600 Sch\u00fclerinnen und Sch\u00fclern, Lehrerinnen und [&hellip;]<\/p>\n","protected":false},"author":1,"featured_media":0,"comment_status":"closed","ping_status":"closed","sticky":false,"template":"","format":"standard","meta":{"ngg_post_thumbnail":0,"footnotes":""},"categories":[3],"tags":[],"class_list":["post-5126","post","type-post","status-publish","format-standard","hentry","category-schulleben"],"_links":{"self":[{"href":"https:\/\/sek-landsberg.de\/index.php?rest_route=\/wp\/v2\/posts\/5126","targetHints":{"allow":["GET"]}}],"collection":[{"href":"https:\/\/sek-landsberg.de\/index.php?rest_route=\/wp\/v2\/posts"}],"about":[{"href":"https:\/\/sek-landsberg.de\/index.php?rest_route=\/wp\/v2\/types\/post"}],"author":[{"embeddable":true,"href":"https:\/\/sek-landsberg.de\/index.php?rest_route=\/wp\/v2\/users\/1"}],"replies":[{"embeddable":true,"href":"https:\/\/sek-landsberg.de\/index.php?rest_route=%2Fwp%2Fv2%2Fcomments&post=5126"}],"version-history":[{"count":6,"href":"https:\/\/sek-landsberg.de\/index.php?rest_route=\/wp\/v2\/posts\/5126\/revisions"}],"predecessor-version":[{"id":5149,"href":"https:\/\/sek-landsberg.de\/index.php?rest_route=\/wp\/v2\/posts\/5126\/revisions\/5149"}],"wp:attachment":[{"href":"https:\/\/sek-landsberg.de\/index.php?rest_route=%2Fwp%2Fv2%2Fmedia&parent=5126"}],"wp:term":[{"taxonomy":"category","embeddable":true,"href":"https:\/\/sek-landsberg.de\/index.php?rest_route=%2Fwp%2Fv2%2Fcategories&post=5126"},{"taxonomy":"post_tag","embeddable":true,"href":"https:\/\/sek-landsberg.de\/index.php?rest_route=%2Fwp%2Fv2%2Ftags&post=5126"}],"curies":[{"name":"wp","href":"https:\/\/api.w.org\/{rel}","templated":true}]}}